{"id":511,"date":"2024-01-15T12:20:59","date_gmt":"2024-01-15T11:20:59","guid":{"rendered":"https:\/\/ceska-stopa.eu\/cs\/?p=511"},"modified":"2024-01-26T20:46:55","modified_gmt":"2024-01-26T19:46:55","slug":"treti-oko-pro-kyrila-2","status":"publish","type":"post","link":"https:\/\/ceska-stopa.eu\/cs\/2024\/01\/15\/treti-oko-pro-kyrila-2\/","title":{"rendered":"T\u0159et\u00ed oko pro Kyrila II &#8211; DOKON\u010cENO"},"content":{"rendered":"\n<p><\/p>\n\n\n\n<p>Sb\u00edrka je dokon\u010dena a byl to hukot. Sb\u00edrka byla realizov\u00e1na za pomoci Zbran\u00ed pro Ukrajinu. A moc se povedla. Velk\u00e1 vlna solidarity mezi \u010desk\u00fdmi lidmi byla neuv\u011b\u0159iteln\u00e1. Pen\u00edze jsme vybrali za necel\u00fdch 10 hodin. Z\u00e1zraky, ale nekon\u010dily.  Na\u0161e zku\u0161enost s t\u00fdmem Zbran\u00ed pro Ukrajinu byla v\u017edy \u00fa\u017easn\u00e1, ale tentokr\u00e1t p\u0159ekonali i sami sebe. Smlouva a  vy placen\u00ed pen\u011bz bylo prakticky okam\u017eit\u00e9. Necht\u011bli jsme se nechat zahanbit a okam\u017eit\u011b jsme sl\u00edben\u00e9 Garmin balistick\u00e9 hodinky a zam\u011b\u0159ova\u010d zaplatili. Tak\u017ee vojensk\u00e1 jednotka bude m\u00edt sv\u00e9 v\u011bci, kter\u00e9 jsme koupili za Va\u0161e pen\u00edze, p\u0159ipraven\u00e9 b\u011bhem p\u0159\u00ed\u0161t\u00edho t\u00fddne (dnes je 26.1.2024) .<\/p>\n\n\n\n<p>Jsme nesm\u00edrn\u011b dojat\u00ed, nejen j\u00e1, ale i Kyril, neza\u017eili jsme takovou vlnu solidarity a tak rychle vybranou sb\u00edrku. D\u011bkujeme  tak\u00e9 skv\u011bl\u00e9mu t\u00fdm <a href=\"https:\/\/www.zbraneproukrajinu.cz\/\" target=\"_blank\" rel=\"noreferrer noopener\">Zbran\u00ed pro Ukrajinu<\/a> za vytvo\u0159en\u00ed na\u0161\u00ed sb\u00edrky a celkovou podporu. <\/p>\n\n\n\n<p><\/p>\n\n\n\n<h3 class=\"wp-block-heading\">P\u0159edstaven\u00ed sb\u00edrky<\/h3>\n\n\n\n<p>V&nbsp;boji je soucit s&nbsp;nep\u0159\u00edtelem nakonec sebevra\u017eda. Ka\u017ed\u00fd protivn\u00edk, kter\u00e9ho nezabije\u0161, t\u011b m\u016f\u017ee zab\u00edt v&nbsp;p\u0159\u00ed\u0161t\u00edm okam\u017eiku\u2026 To v\u011bd\u011bli ji\u017e odst\u0159elova\u010di z&nbsp;druh\u00e9 sv\u011btov\u00e9 a moc dob\u0159e to v\u00ed tak\u00e9 b\u011blorusk\u00fd odst\u0159elova\u010d Kyril. Bojuje u\u017e dlouho s&nbsp;ukrajinskou arm\u00e1dou. Mo\u017en\u00e1 si ho pamatujete z&nbsp;p\u0159edchoz\u00ed \u00fasp\u011b\u0161n\u00e9 sb\u00edrky, kdy jsme se b\u011bhem letn\u00ed protiofenz\u00edvy skl\u00e1dali na optiku pro jeho zbra\u0148. Termovizn\u00ed binokul\u00e1r a no\u010dn\u00ed vid\u011bn\u00ed u\u017e odv\u00e1d\u011bj\u00ed svou pr\u00e1ci na Donbase a pom\u00e1haj\u00ed Kyrilovi a jeho t\u00fdmu dr\u017eet linie.<\/p>\n\n\n\n<p><\/p>\n\n\n\n<p>Vid\u011bt nep\u0159\u00edtele je pro odst\u0159elova\u010de to nejd\u016fle\u017eit\u011bj\u0161\u00ed. Vid\u011bt na del\u0161\u00ed d\u00e1lku ne\u017e nep\u0159\u00edtel, je kl\u00ed\u010d k&nbsp;v\u00edt\u011bzstv\u00ed i k&nbsp;p\u0159e\u017eit\u00ed samotn\u00e9ho snajpra. Kyril je skv\u011bl\u00fd snajpr. Ale pot\u0159ebuje lep\u0161\u00ed vybaven\u00ed. Jeho t\u00fdm z\u00edskal odst\u0159elovac\u00ed pu\u0161ku, s&nbsp;n\u00ed\u017e m\u016f\u017ee st\u0159\u00edlet mnohem d\u00e1l ne\u017e se sou\u010dasn\u00fdm vybaven\u00edm. Pot\u0159ebuje na ni dobrou optiku. Pot\u0159ebuje \u201et\u0159et\u00ed oko\u201c. Ta dv\u011b p\u0159edchoz\u00ed jste mu pomohli zakoupit vy a u\u017e dlouho pracuj\u00ed na donbask\u00e9 frontov\u00e9 linii.<\/p>\n\n\n\n<p>Tato v\u00e1lka bude je\u0161t\u011b dlouh\u00e1 a ukrajinsk\u00e1 arm\u00e1da bude pot\u0159ebovat na\u0161i pomoc. Beze zbran\u00ed a dobr\u00e9 optiky se vyhr\u00e1t ned\u00e1. A bez lid\u00ed, kte\u0159\u00ed jsou ochotni ob\u011btovat svoje pohodl\u00ed a nez\u0159\u00eddka i \u017eivoty, aby se linie zadr\u017euj\u00edc\u00ed Putinovu agresi h\u00fdbali jen minim\u00e1ln\u011b. Kyril mezi n\u011b pat\u0159\u00ed.<\/p>\n\n\n\n<p><\/p>\n\n\n\n<h3 class=\"wp-block-heading\">Komu pom\u016f\u017eeme?<\/h3>\n\n\n\n<p>St\u00e1t se sou\u010d\u00e1st\u00ed ukrajinsk\u00e9 arm\u00e1dy nen\u00ed pro B\u011blorusy, kte\u0159\u00ed cht\u011bj\u00ed d\u00e1t najevo sv\u016fj nesouhlas s Luka\u0161enkov\u00fdm re\u017eimem a Putinovsk\u00fdm Ruskem, v\u016fbec nic jednoduch\u00e9ho. Jsou z principu v\u0161ichni nep\u0159\u00e1tel\u00e9 a Ukrajinci se na n\u011b mus\u00ed d\u00edvat podez\u0159\u00edvav\u011b. Mus\u00ed si um\u011bt vydob\u00fdt d\u016fv\u011bru Ukrajinc\u016f. Kyril si tuto d\u016fv\u011bru z\u00edskal. Nejd\u0159\u00edve pro\u0161el d\u016fkladn\u00fdm v\u00fdcvikem, pak se z&nbsp;n\u011bj stal odst\u0159elova\u010d na jednom z&nbsp;nejt\u011b\u017e\u0161\u00edch m\u00edst fronty \u2013 u Marjinky. Bojovat tady znamen\u00e1 prok\u00e1zat opravdu velkou porci odvahy a schopnost\u00ed. O Kyrilovi a dal\u0161\u00edch jeho spolubojovn\u00edc\u00edch z&nbsp;B\u011bloruska si m\u016f\u017eete p\u0159e\u010d\u00edst  <a href=\"https:\/\/www.novinky.cz\/clanek\/valka-na-ukrajine-bojuji-a-umiraji-za-ukrajinu-zvlastni-zpravodajka-novinek-mezi-belorusy-na-fronte-40438221\">zde<\/a><\/p>\n\n\n\n<p>Kyril se osv\u011bd\u010dil a velitel\u00e9 79. brig\u00e1dy ZSU si toho v\u0161imli. Dnes m\u00e1 pod sebou cel\u00fd t\u00fdm lid\u00ed \u2013 t\u0159i dvojice odst\u0159elova\u010d\u016f, drona\u0159e, \u0159idi\u010de a dal\u0161\u00ed specialisty. Kyril z\u00edskal spoustu zku\u0161enost\u00ed, kter\u00e9 p\u0159ed\u00e1v\u00e1 dal\u0161\u00edm bojovn\u00edk\u016fm. A k&nbsp;boji pot\u0159ebuje dal\u0161\u00ed vybaven\u00ed.<\/p>\n\n\n\n<p><\/p>\n\n\n\n<h3 class=\"wp-block-heading\">Na co konkr\u00e9tn\u011b budou pen\u00edze z t\u00e9to sb\u00edrky pou\u017eity?<\/h3>\n\n\n\n<p>\u201eRoz\u0161\u00ed\u0159ili jsme t\u00fdm a od jednoho ze sponzor\u016f dostaneme novou pu\u0161ku, kter\u00e1 st\u0159\u00edl\u00ed mnohem d\u00e1le ne\u017e moje sou\u010dasn\u00e1, a\u017e na 1500 m. Ale pot\u0159ebujeme na ni kvalitn\u00ed zam\u011b\u0159ova\u010d. A tak\u00e9 u\u017e mus\u00edme \u0159e\u0161it p\u0159esn\u00fd v\u00fdpo\u010det balistick\u00e9 k\u0159ivky, abychom byli \u00fasp\u011b\u0161n\u011bj\u0161\u00ed ne\u017e Rusov\u00e9,\u201c \u0159\u00edk\u00e1 Kyril, velitel t\u00fdmu odst\u0159elova\u010d\u016f na Donbase. Na novou pu\u0161ku pot\u0159ebuje zam\u011b\u0159ova\u010d Thermion 2 LRF XL50 od zna\u010dky Pulsar nebo plnohodnotn\u00fd ekvivalent. Kyril a jeho t\u00fdm pracuje v&nbsp;noci, tak\u017ee n\u00e1roky na kvalitu jsou vysok\u00e9. Ale d\u00edky tomu m\u016f\u017ee chr\u00e1nit sv\u016fj \u017eivot, jak jen to jde nejl\u00e9pe. V&nbsp;extr\u00e9mn\u011b t\u011b\u017ek\u00fdch a nebezpe\u010dn\u00fdch podm\u00ednk\u00e1ch tak\u00e9 mus\u00ed odst\u0159elova\u010di \u0159e\u0161it v\u00fdpo\u010det<\/p>\n\n\n\n<p>P\u0159isp\u011bt m\u016f\u017eete bu\u010f na<strong> <a href=\"https:\/\/www.zbraneproukrajinu.cz\/kampane\/novy-zamerovac-pro-ostrelovace-kyrila\" data-type=\"link\" data-id=\"https:\/\/www.donio.cz\/treti-oko-pro-kyrila-ii\">D\u00e1rek pro Putina<\/a><\/strong> nebo p\u0159\u00edmo p\u0159es QRCode<\/p>\n\n\n\n<div class=\"wp-block-columns is-layout-flex wp-container-core-columns-is-layout-9d6595d7 wp-block-columns-is-layout-flex\">\n<div class=\"wp-block-column is-layout-flow wp-block-column-is-layout-flow\">\n<p><strong>transparentn\u00ed \u00fa\u010det ( EUR )<\/strong><\/p>\n\n\n\n<p>IBAN: CZ35 2010 0000 0021 0269 6300<\/p>\n\n\n\n<p>BIC\/SWIFT: FIOBCZPPXXX<\/p>\n\n\n\n<p><a href=\"https:\/\/ib.fio.cz\/ib\/transparent?a=2102696300\">2102696300 \/ 2010<\/a><\/p>\n\n\n\n<figure class=\"wp-block-image size-full\"><img loading=\"lazy\" decoding=\"async\" width=\"350\" height=\"350\" src=\"https:\/\/ceska-stopa.eu\/wp-content\/uploads\/2024\/01\/QRPlatba_oko_pro_kyrila_II_EUR_2102696300.png\" alt=\"\" class=\"wp-image-524\" srcset=\"https:\/\/ceska-stopa.eu\/wp-content\/uploads\/2024\/01\/QRPlatba_oko_pro_kyrila_II_EUR_2102696300.png 350w, https:\/\/ceska-stopa.eu\/wp-content\/uploads\/2024\/01\/QRPlatba_oko_pro_kyrila_II_EUR_2102696300-300x300.png 300w, https:\/\/ceska-stopa.eu\/wp-content\/uploads\/2024\/01\/QRPlatba_oko_pro_kyrila_II_EUR_2102696300-150x150.png 150w\" sizes=\"auto, (max-width: 350px) 100vw, 350px\" \/><\/figure>\n<\/div>\n\n\n\n<div class=\"wp-block-column is-layout-flow wp-block-column-is-layout-flow\">\n<p><strong>transparentn\u00ed \u00fa\u010det ( CZK )<\/strong><\/p>\n\n\n\n<p>IBAN: CZ35 2010 0000 0021 0269 6298<\/p>\n\n\n\n<p>BIC\/SWIFT: FIOBCZPPXXX<\/p>\n\n\n\n<p><a href=\"https:\/\/ib.fio.cz\/ib\/transparent?a=2102696298\">2102696298 \/ 2010<\/a><\/p>\n\n\n\n<figure class=\"wp-block-image size-full\"><img loading=\"lazy\" decoding=\"async\" width=\"350\" height=\"350\" src=\"https:\/\/ceska-stopa.eu\/wp-content\/uploads\/2024\/01\/QRPlatba_oko_pro_kyrila_II_CZK_2102696298.png\" alt=\"\" class=\"wp-image-525\" srcset=\"https:\/\/ceska-stopa.eu\/wp-content\/uploads\/2024\/01\/QRPlatba_oko_pro_kyrila_II_CZK_2102696298.png 350w, https:\/\/ceska-stopa.eu\/wp-content\/uploads\/2024\/01\/QRPlatba_oko_pro_kyrila_II_CZK_2102696298-300x300.png 300w, https:\/\/ceska-stopa.eu\/wp-content\/uploads\/2024\/01\/QRPlatba_oko_pro_kyrila_II_CZK_2102696298-150x150.png 150w\" sizes=\"auto, (max-width: 350px) 100vw, 350px\" \/><\/figure>\n<\/div>\n<\/div>\n\n\n\n<figure class=\"wp-block-gallery has-nested-images columns-default is-cropped wp-block-gallery-1 is-layout-flex wp-block-gallery-is-layout-flex\">\n<figure class=\"wp-block-image size-large\"><img loading=\"lazy\" decoding=\"async\" width=\"1024\" height=\"802\" data-id=\"515\" src=\"https:\/\/ceska-stopa.eu\/wp-content\/uploads\/2024\/01\/418321112_1573514693186887_1044069374242883677_n-1024x802.jpg\" alt=\"\" class=\"wp-image-515\" srcset=\"https:\/\/ceska-stopa.eu\/wp-content\/uploads\/2024\/01\/418321112_1573514693186887_1044069374242883677_n-1024x802.jpg 1024w, https:\/\/ceska-stopa.eu\/wp-content\/uploads\/2024\/01\/418321112_1573514693186887_1044069374242883677_n-300x235.jpg 300w, https:\/\/ceska-stopa.eu\/wp-content\/uploads\/2024\/01\/418321112_1573514693186887_1044069374242883677_n-768x602.jpg 768w, https:\/\/ceska-stopa.eu\/wp-content\/uploads\/2024\/01\/418321112_1573514693186887_1044069374242883677_n-1536x1203.jpg 1536w, https:\/\/ceska-stopa.eu\/wp-content\/uploads\/2024\/01\/418321112_1573514693186887_1044069374242883677_n.jpg 2048w\" sizes=\"auto, (max-width: 1024px) 100vw, 1024px\" \/><\/figure>\n\n\n\n<figure class=\"wp-block-image size-large\"><img loading=\"lazy\" decoding=\"async\" width=\"1024\" height=\"684\" data-id=\"514\" src=\"https:\/\/ceska-stopa.eu\/wp-content\/uploads\/2024\/01\/411442395_744698007583074_178427535768645600_n-1024x684.jpg\" alt=\"\" class=\"wp-image-514\" srcset=\"https:\/\/ceska-stopa.eu\/wp-content\/uploads\/2024\/01\/411442395_744698007583074_178427535768645600_n-1024x684.jpg 1024w, https:\/\/ceska-stopa.eu\/wp-content\/uploads\/2024\/01\/411442395_744698007583074_178427535768645600_n-300x200.jpg 300w, https:\/\/ceska-stopa.eu\/wp-content\/uploads\/2024\/01\/411442395_744698007583074_178427535768645600_n-768x513.jpg 768w, https:\/\/ceska-stopa.eu\/wp-content\/uploads\/2024\/01\/411442395_744698007583074_178427535768645600_n-1536x1026.jpg 1536w, https:\/\/ceska-stopa.eu\/wp-content\/uploads\/2024\/01\/411442395_744698007583074_178427535768645600_n.jpg 2048w\" sizes=\"auto, (max-width: 1024px) 100vw, 1024px\" \/><\/figure>\n\n\n\n<figure class=\"wp-block-image size-large\"><img loading=\"lazy\" decoding=\"async\" width=\"725\" height=\"1024\" data-id=\"513\" src=\"https:\/\/ceska-stopa.eu\/wp-content\/uploads\/2024\/01\/377125582_888798979180758_1425227948717798752_n-725x1024.jpg\" alt=\"\" class=\"wp-image-513\" srcset=\"https:\/\/ceska-stopa.eu\/wp-content\/uploads\/2024\/01\/377125582_888798979180758_1425227948717798752_n-725x1024.jpg 725w, https:\/\/ceska-stopa.eu\/wp-content\/uploads\/2024\/01\/377125582_888798979180758_1425227948717798752_n-212x300.jpg 212w, https:\/\/ceska-stopa.eu\/wp-content\/uploads\/2024\/01\/377125582_888798979180758_1425227948717798752_n-768x1084.jpg 768w, https:\/\/ceska-stopa.eu\/wp-content\/uploads\/2024\/01\/377125582_888798979180758_1425227948717798752_n-1088x1536.jpg 1088w, https:\/\/ceska-stopa.eu\/wp-content\/uploads\/2024\/01\/377125582_888798979180758_1425227948717798752_n.jpg 1408w\" sizes=\"auto, (max-width: 725px) 100vw, 725px\" \/><\/figure>\n\n\n\n<figure class=\"wp-block-image size-large\"><img loading=\"lazy\" decoding=\"async\" width=\"640\" height=\"400\" data-id=\"423\" src=\"https:\/\/ceska-stopa.eu\/wp-content\/uploads\/2023\/08\/kyril.jpg\" alt=\"\" class=\"wp-image-423\" srcset=\"https:\/\/ceska-stopa.eu\/wp-content\/uploads\/2023\/08\/kyril.jpg 640w, https:\/\/ceska-stopa.eu\/wp-content\/uploads\/2023\/08\/kyril-300x188.jpg 300w\" sizes=\"auto, (max-width: 640px) 100vw, 640px\" \/><\/figure>\n\n\n\n<figure class=\"wp-block-image size-large\"><img loading=\"lazy\" decoding=\"async\" width=\"640\" height=\"400\" data-id=\"424\" src=\"https:\/\/ceska-stopa.eu\/wp-content\/uploads\/2023\/08\/kyril2.jpg\" alt=\"\" class=\"wp-image-424\" srcset=\"https:\/\/ceska-stopa.eu\/wp-content\/uploads\/2023\/08\/kyril2.jpg 640w, https:\/\/ceska-stopa.eu\/wp-content\/uploads\/2023\/08\/kyril2-300x188.jpg 300w\" sizes=\"auto, (max-width: 640px) 100vw, 640px\" \/><\/figure>\n\n\n\n<figure class=\"wp-block-image size-large\"><img loading=\"lazy\" decoding=\"async\" width=\"640\" height=\"400\" data-id=\"425\" src=\"https:\/\/ceska-stopa.eu\/wp-content\/uploads\/2023\/08\/kyril3.jpg\" alt=\"\" class=\"wp-image-425\" srcset=\"https:\/\/ceska-stopa.eu\/wp-content\/uploads\/2023\/08\/kyril3.jpg 640w, https:\/\/ceska-stopa.eu\/wp-content\/uploads\/2023\/08\/kyril3-300x188.jpg 300w\" sizes=\"auto, (max-width: 640px) 100vw, 640px\" \/><\/figure>\n<\/figure>\n","protected":false},"excerpt":{"rendered":"<p>Sb\u00edrka je dokon\u010dena a byl to hukot. Sb\u00edrka byla realizov\u00e1na za pomoci Zbran\u00ed pro Ukrajinu. A moc se povedla. Velk\u00e1 vlna solidarity mezi \u010desk\u00fdmi lidmi byla neuv\u011b\u0159iteln\u00e1. Pen\u00edze jsme vybrali za necel\u00fdch 10 hodin. Z\u00e1zraky, ale nekon\u010dily. Na\u0161e zku\u0161enost s t\u00fdmem Zbran\u00ed pro Ukrajinu byla v\u017edy \u00fa\u017easn\u00e1, ale tentokr\u00e1t p\u0159ekonali i sami sebe. Smlouva a &#8230; <a title=\"T\u0159et\u00ed oko pro Kyrila II &#8211; DOKON\u010cENO\" class=\"read-more\" href=\"https:\/\/ceska-stopa.eu\/cs\/2024\/01\/15\/treti-oko-pro-kyrila-2\/\" aria-label=\"\u010c\u00edst v\u00edce o T\u0159et\u00ed oko pro Kyrila II &#8211; DOKON\u010cENO\">\u010c\u00edst d\u00e1l<\/a><\/p>\n","protected":false},"author":1,"featured_media":515,"comment_status":"open","ping_status":"open","sticky":false,"template":"","format":"standard","meta":{"_seopress_robots_primary_cat":"","_seopress_titles_title":"","_seopress_titles_desc":"","_seopress_robots_index":"","ngg_post_thumbnail":0,"_themeisle_gutenberg_block_has_review":false,"footnotes":""},"categories":[8],"tags":[],"class_list":["post-511","post","type-post","status-publish","format-standard","has-post-thumbnail","hentry","category-finished-fundraising"],"_links":{"self":[{"href":"https:\/\/ceska-stopa.eu\/cs\/wp-json\/wp\/v2\/posts\/511","targetHints":{"allow":["GET"]}}],"collection":[{"href":"https:\/\/ceska-stopa.eu\/cs\/wp-json\/wp\/v2\/posts"}],"about":[{"href":"https:\/\/ceska-stopa.eu\/cs\/wp-json\/wp\/v2\/types\/post"}],"author":[{"embeddable":true,"href":"https:\/\/ceska-stopa.eu\/cs\/wp-json\/wp\/v2\/users\/1"}],"replies":[{"embeddable":true,"href":"https:\/\/ceska-stopa.eu\/cs\/wp-json\/wp\/v2\/comments?post=511"}],"version-history":[{"count":28,"href":"https:\/\/ceska-stopa.eu\/cs\/wp-json\/wp\/v2\/posts\/511\/revisions"}],"predecessor-version":[{"id":555,"href":"https:\/\/ceska-stopa.eu\/cs\/wp-json\/wp\/v2\/posts\/511\/revisions\/555"}],"wp:featuredmedia":[{"embeddable":true,"href":"https:\/\/ceska-stopa.eu\/cs\/wp-json\/wp\/v2\/media\/515"}],"wp:attachment":[{"href":"https:\/\/ceska-stopa.eu\/cs\/wp-json\/wp\/v2\/media?parent=511"}],"wp:term":[{"taxonomy":"category","embeddable":true,"href":"https:\/\/ceska-stopa.eu\/cs\/wp-json\/wp\/v2\/categories?post=511"},{"taxonomy":"post_tag","embeddable":true,"href":"https:\/\/ceska-stopa.eu\/cs\/wp-json\/wp\/v2\/tags?post=511"}],"curies":[{"name":"wp","href":"https:\/\/api.w.org\/{rel}","templated":true}]}}