{"id":585,"date":"2024-03-26T10:14:42","date_gmt":"2024-03-26T09:14:42","guid":{"rendered":"https:\/\/ceska-stopa.eu\/cs\/?p=585"},"modified":"2025-08-30T18:55:19","modified_gmt":"2025-08-30T16:55:19","slug":"financni-podpora-pro-syna-padleho-ceskeho-dobrovolnika-toma-donio","status":"publish","type":"post","link":"https:\/\/ceska-stopa.eu\/cs\/2024\/03\/26\/financni-podpora-pro-syna-padleho-ceskeho-dobrovolnika-toma-donio\/","title":{"rendered":"Podpora pro syna padl\u00e9ho \u010desk\u00e9ho dobrovoln\u00edka Toma &#8211; DOKON\u010cENO"},"content":{"rendered":"\n<p><br>&#8222;Hovor, kter\u00fd zm\u011bnil n\u00e1\u0161 \u017eivot, t\u00e1ta u\u017e se dom\u016f nikdy nevr\u00e1t\u00ed. N\u011bkdo tu ale po n\u011bm z\u016fstal, mal\u00fd, skoro \u010dty\u0159let\u00fd syn, kter\u00fd byl zvykl\u00fd s tat\u00ednkem mluvit v\u017edy, kdy\u017e to bylo mo\u017en\u00e9 a v\u017edy se nemohl do\u010dkat, a\u017e zase zavol\u00e1.<\/p>\n\n\n\n<h3 class=\"wp-block-heading\">P\u0159edstaven\u00ed sb\u00edrky<\/h3>\n\n\n\n<p><em>Je to usm\u011bvav\u00fd kluk, kter\u00fd svou podobou t\u00e1tu nezap\u0159e, d\u00edt\u011b s radost\u00ed do \u017eivota a ot\u00e1zkami, kdy se zase tat\u00ednek ozve nebo kdy p\u0159ijede dom\u016f. Nav\u0161t\u011bvuje prvn\u00edm rokem \u0161kolku, kde se mu nesm\u00edrn\u011b lib\u00ed a pr\u00e1v\u011b tady vid\u00ed kompletn\u00ed rodiny, d\u011bti, kter\u00e9 tat\u00ednka maj\u00ed<\/em>.<\/p>\n\n\n\n<p><em>A\u0165 u\u017e byl Tom sebev\u00edc daleko, p\u0159esto, \u017ee on bojoval za svobodu tam a my byli zde, o sv\u00e9ho syna se dok\u00e1zal postarat i na d\u00e1lku, v\u011bnovat mu spoustu \u010dasu a podpory alespo\u0148 p\u0159es telefon. Jedin\u00e9 co nyn\u00ed zbylo, jsou vzpom\u00ednky, a budoucnost je v mnoha v\u011bcech nejist\u00e1, ale jist\u00e9 je jedno, z\u016fstal tu syn, kter\u00fd m\u00e1 u\u017e jen miluj\u00edc\u00ed m\u00e1mu a ta d\u011bl\u00e1 maximum pro to, aby m\u011bl mal\u00fd kr\u00e1sn\u00e9 d\u011btstv\u00ed a \u017eivot, kter\u00fd m\u00e1 p\u0159ed sebou. Slib, kter\u00fd jsme si dali, \u017ee jednou, a\u017e to skon\u010d\u00ed, bude t\u00e1ta sv\u00e9mu synovi zase nabl\u00edzku, se rozplynul, ale slib, \u017ee mal\u00fd bude \u0161\u0165astn\u00fd, tu st\u00e1le je.&#8220;<\/em><\/p>\n\n\n\n<p>V \u00fanoru tohoto roku prob\u011bhla m\u00e9dii zpr\u00e1va o smrti \u010desk\u00e9ho dobrovoln\u00edka. Ano, Tom padl p\u0159i obran\u011b Avdijivky, zas\u00e1hl ho d\u011blost\u0159eleck\u00fd gran\u00e1t. Zat\u00edm je v\u0161ak prohl\u00e1\u0161en za nezv\u011bstn\u00e9ho.<\/p>\n\n\n\n<p>Polo\u017eil \u017eivot za svobodu a budoucnost napaden\u00e9ho n\u00e1roda, za to, abychom my nemuseli, za budoucnost i na\u0161eho n\u00e1roda, za budoucnost sv\u00e9ho syna.<\/p>\n\n\n\n<p>Syn nyn\u00ed z\u016fstal bez otce. Bez jeho l\u00e1sky, p\u00e9\u010de a pozornosti, ale i bez jeho finan\u010dn\u00ed podpory. A kv\u016fli byrokratick\u00fdm p\u0159ek\u00e1\u017ek\u00e1m nem\u00e1 v tuto chv\u00edli \u2013 a nev\u00edme na jak dlouho \u2013 n\u00e1rok ani na finan\u010dn\u00ed podporu st\u00e1tu. Tomovi dlu\u017e\u00edme hodn\u011b, proto bychom mu cht\u011bli alespo\u0148 tro\u0161i\u010dku vr\u00e1tit touto formou, pokusit se spolu s v\u00e1mi uleh\u010dit jeho synovi p\u0159eklenout toto t\u011b\u017ek\u00e9 obdob\u00ed.<\/p>\n\n\n\n<p>Obrac\u00edme se na v\u00e1s proto s prosbou o p\u0159\u00edsp\u011bvek a alespo\u0148 t\u00edmto pod\u011bkovat Tomovi za to, co pro n\u00e1s ud\u011blal. V\u011b\u0159\u00edme a douf\u00e1me, \u017ee ani v\u00e1m nen\u00ed lhostejn\u00fd osud jeho syna, a\u0165 u\u017e jste Toma znali nebo neznali.<\/p>\n\n\n\n<p>Za t\u00fdm \u010cesk\u00e1 stopa z.s. d\u011bkuj\u00ed Veronika, Petr, Ale\u0161<\/p>\n\n\n\n<h3 class=\"wp-block-heading\">Komu pom\u016f\u017eeme?<\/h3>\n\n\n\n<p><br>Pom\u016f\u017eete synovi \u010desk\u00e9ho vojensk\u00e9ho dobrovoln\u00edka, kter\u00fd padl u Avdijivky, a\u010d se jeho t\u011blo zat\u00edm nena\u0161lo a je ofici\u00e1ln\u011b prohl\u00e1\u0161en za nezv\u011bstn\u00e9ho. Z\u016fstal po n\u011bm \u010dty\u0159let\u00fd syn S., na kter\u00e9ho je te\u010f maminka sama, bez opory i finan\u010dn\u00ed podpory tat\u00ednka.<\/p>\n\n\n\n<p>Pen\u00edze po\u0161leme p\u0159\u00edmo mamince<\/p>\n\n\n\n<h3 class=\"wp-block-heading\">Na co konkr\u00e9tn\u011b budou pen\u00edze z t\u00e9to sb\u00edrky pou\u017eity?<\/h3>\n\n\n\n<p><br>Na n\u00e1kup v\u0161edn\u00edch v\u011bc\u00ed, potravin, oble\u010den\u00ed a drogerie, \u00fahradu \u0161kolky, krou\u017ek\u016f a aktivit ve voln\u00e9m \u010dase mal\u00e9ho S.<\/p>\n\n\n\n<p>Prost\u011b v\u0161echny v\u011bci, kter\u00e9 pot\u0159ebuje mal\u00fd kluk. Bude pot\u0159eba tak\u00e9 zaplatit \u00fa\u010dty za bydlen\u00ed a energie, aby se i mamince trochu ulevilo.<\/p>\n\n\n\n<p>Sb\u00edrku najdete na Donio.cz zde <a href=\"https:\/\/www.donio.cz\/financni-podpora-pro-syna-padleho-ceskeho-dobrovolnika-toma\">Finan\u010dn\u00ed podpora pro syna padl\u00e9ho \u010desk\u00e9ho dobrovoln\u00edka Toma | Donio<\/a><\/p>\n","protected":false},"excerpt":{"rendered":"<p>&#8222;Hovor, kter\u00fd zm\u011bnil n\u00e1\u0161 \u017eivot, t\u00e1ta u\u017e se dom\u016f nikdy nevr\u00e1t\u00ed. N\u011bkdo tu ale po n\u011bm z\u016fstal, mal\u00fd, skoro \u010dty\u0159let\u00fd syn, kter\u00fd byl zvykl\u00fd s tat\u00ednkem mluvit v\u017edy, kdy\u017e to bylo mo\u017en\u00e9 a v\u017edy se nemohl do\u010dkat, a\u017e zase zavol\u00e1. P\u0159edstaven\u00ed sb\u00edrky Je to usm\u011bvav\u00fd kluk, kter\u00fd svou podobou t\u00e1tu nezap\u0159e, d\u00edt\u011b s radost\u00ed do &#8230; <a title=\"Podpora pro syna padl\u00e9ho \u010desk\u00e9ho dobrovoln\u00edka Toma &#8211; DOKON\u010cENO\" class=\"read-more\" href=\"https:\/\/ceska-stopa.eu\/cs\/2024\/03\/26\/financni-podpora-pro-syna-padleho-ceskeho-dobrovolnika-toma-donio\/\" aria-label=\"\u010c\u00edst v\u00edce o Podpora pro syna padl\u00e9ho \u010desk\u00e9ho dobrovoln\u00edka Toma &#8211; DOKON\u010cENO\">\u010c\u00edst d\u00e1l<\/a><\/p>\n","protected":false},"author":1,"featured_media":587,"comment_status":"open","ping_status":"open","sticky":false,"template":"","format":"standard","meta":{"_seopress_robots_primary_cat":"","_seopress_titles_title":"","_seopress_titles_desc":"","_seopress_robots_index":"","ngg_post_thumbnail":0,"_themeisle_gutenberg_block_has_review":false,"footnotes":""},"categories":[8],"tags":[],"class_list":["post-585","post","type-post","status-publish","format-standard","has-post-thumbnail","hentry","category-finished-fundraising"],"_links":{"self":[{"href":"https:\/\/ceska-stopa.eu\/cs\/wp-json\/wp\/v2\/posts\/585","targetHints":{"allow":["GET"]}}],"collection":[{"href":"https:\/\/ceska-stopa.eu\/cs\/wp-json\/wp\/v2\/posts"}],"about":[{"href":"https:\/\/ceska-stopa.eu\/cs\/wp-json\/wp\/v2\/types\/post"}],"author":[{"embeddable":true,"href":"https:\/\/ceska-stopa.eu\/cs\/wp-json\/wp\/v2\/users\/1"}],"replies":[{"embeddable":true,"href":"https:\/\/ceska-stopa.eu\/cs\/wp-json\/wp\/v2\/comments?post=585"}],"version-history":[{"count":4,"href":"https:\/\/ceska-stopa.eu\/cs\/wp-json\/wp\/v2\/posts\/585\/revisions"}],"predecessor-version":[{"id":712,"href":"https:\/\/ceska-stopa.eu\/cs\/wp-json\/wp\/v2\/posts\/585\/revisions\/712"}],"wp:featuredmedia":[{"embeddable":true,"href":"https:\/\/ceska-stopa.eu\/cs\/wp-json\/wp\/v2\/media\/587"}],"wp:attachment":[{"href":"https:\/\/ceska-stopa.eu\/cs\/wp-json\/wp\/v2\/media?parent=585"}],"wp:term":[{"taxonomy":"category","embeddable":true,"href":"https:\/\/ceska-stopa.eu\/cs\/wp-json\/wp\/v2\/categories?post=585"},{"taxonomy":"post_tag","embeddable":true,"href":"https:\/\/ceska-stopa.eu\/cs\/wp-json\/wp\/v2\/tags?post=585"}],"curies":[{"name":"wp","href":"https:\/\/api.w.org\/{rel}","templated":true}]}}