{"id":633,"date":"2024-12-03T16:09:49","date_gmt":"2024-12-03T15:09:49","guid":{"rendered":"https:\/\/ceska-stopa.eu\/cs\/?p=633"},"modified":"2025-08-30T18:54:12","modified_gmt":"2025-08-30T16:54:12","slug":"vanocni-darky-pro-vojaky","status":"publish","type":"post","link":"https:\/\/ceska-stopa.eu\/cs\/2024\/12\/03\/vanocni-darky-pro-vojaky\/","title":{"rendered":"V\u00e1no\u010dn\u00ed d\u00e1rky pro voj\u00e1ky &#8211; DOKON\u010cENO"},"content":{"rendered":"\n<p>Ahoj v\u0161ichni,<\/p>\n\n\n\n<p>cht\u011bli bychom podpo\u0159it voj\u00e1ky na front\u011b a poslat jim v\u00e1no\u010dn\u00ed d\u00e1rek.<\/p>\n\n\n\n<p>Dlouhodob\u011b podporujeme jednotku rozv\u011bdky kter\u00e9 vel\u00ed \u010desk\u00fd voj\u00e1k s volac\u00edm znakem <strong>Arisu<\/strong><\/p>\n\n\n\n<p>Bude moc fajn, kdy\u017e jim po\u0161lete n\u011bjakou drobnost, nezapome\u0148te pros\u00edm, \u017ee je zima.<\/p>\n\n\n\n<p>P\u0159\u00edpadn\u011b m\u016f\u017eete p\u0159isp\u011bt na jejich sb\u00edrku kterou najdete na <a href=\"https:\/\/donio.cz\/arisovy-poletuchy\">Arisovy poletuchy | Donio<\/a><\/p>\n\n\n\n<p><\/p>\n\n\n\n<p>Kluci z jednotky maj\u00ed volac\u00ed znaky<\/p>\n\n\n\n<pre class=\"wp-block-preformatted\"><strong>Arisu<br><br>Brno<br><br>\u010cech<br><br>Joker<br><br>Casper<br><br>Pepino<\/strong><\/pre>\n\n\n\n<p>D\u00e1rky je mo\u017eno poslat rovnou na adresu na\u0161eho spolku<\/p>\n\n\n\n<pre class=\"wp-block-preformatted\"><strong>\u010cesk\u00e1 stopa z. s.<br><br>I\u010c: 19822022<br><br>F\u00fcgnerova 457\/30, \u010cern\u00e1 Pole<br><br>613 00 Brno<\/strong><\/pre>\n\n\n\n<p class=\"has-accent-color has-text-color has-link-color wp-elements-4c55a6ecf3190b979ea6239ba15d6219\"><\/p>\n\n\n\n<p><\/p>\n\n\n\n<p>nebo na <strong>z\u00e1silkovnu<\/strong> <\/p>\n\n\n\n<pre class=\"wp-block-preformatted\"><strong>Prodejna ko\u0159eni RamRam <\/strong><br><br><strong>Novotn\u00e9ho 35, 613 00 Brno<br><br>Petr Dr\u00e1pal Tel : +420 777 720 040 Email: petr.drapal@ceska-stopa.eu<\/strong><\/pre>\n\n\n\n<p class=\"has-accent-color has-text-color has-link-color wp-elements-4c55a6ecf3190b979ea6239ba15d6219\"><\/p>\n\n\n\n<p><\/p>\n\n\n\n<p><\/p>\n\n\n\n<figure class=\"wp-block-image size-large\"><img loading=\"lazy\" decoding=\"async\" width=\"1024\" height=\"768\" src=\"https:\/\/ceska-stopa.eu\/wp-content\/uploads\/2023\/11\/imageonline-co-emojiadded-1024x768.png\" alt=\"\" class=\"wp-image-410\"\/><\/figure>\n","protected":false},"excerpt":{"rendered":"<p>Ahoj v\u0161ichni, cht\u011bli bychom podpo\u0159it voj\u00e1ky na front\u011b a poslat jim v\u00e1no\u010dn\u00ed d\u00e1rek. Dlouhodob\u011b podporujeme jednotku rozv\u011bdky kter\u00e9 vel\u00ed \u010desk\u00fd voj\u00e1k s volac\u00edm znakem Arisu Bude moc fajn, kdy\u017e jim po\u0161lete n\u011bjakou drobnost, nezapome\u0148te pros\u00edm, \u017ee je zima. P\u0159\u00edpadn\u011b m\u016f\u017eete p\u0159isp\u011bt na jejich sb\u00edrku kterou najdete na Arisovy poletuchy | Donio Kluci z jednotky maj\u00ed &#8230; <a title=\"V\u00e1no\u010dn\u00ed d\u00e1rky pro voj\u00e1ky &#8211; DOKON\u010cENO\" class=\"read-more\" href=\"https:\/\/ceska-stopa.eu\/cs\/2024\/12\/03\/vanocni-darky-pro-vojaky\/\" aria-label=\"\u010c\u00edst v\u00edce o V\u00e1no\u010dn\u00ed d\u00e1rky pro voj\u00e1ky &#8211; DOKON\u010cENO\">\u010c\u00edst d\u00e1l<\/a><\/p>\n","protected":false},"author":1,"featured_media":409,"comment_status":"open","ping_status":"open","sticky":false,"template":"","format":"standard","meta":{"_seopress_robots_primary_cat":"","_seopress_titles_title":"","_seopress_titles_desc":"","_seopress_robots_index":"","ngg_post_thumbnail":0,"_themeisle_gutenberg_block_has_review":false,"footnotes":""},"categories":[8],"tags":[],"class_list":["post-633","post","type-post","status-publish","format-standard","has-post-thumbnail","hentry","category-finished-fundraising"],"_links":{"self":[{"href":"https:\/\/ceska-stopa.eu\/cs\/wp-json\/wp\/v2\/posts\/633","targetHints":{"allow":["GET"]}}],"collection":[{"href":"https:\/\/ceska-stopa.eu\/cs\/wp-json\/wp\/v2\/posts"}],"about":[{"href":"https:\/\/ceska-stopa.eu\/cs\/wp-json\/wp\/v2\/types\/post"}],"author":[{"embeddable":true,"href":"https:\/\/ceska-stopa.eu\/cs\/wp-json\/wp\/v2\/users\/1"}],"replies":[{"embeddable":true,"href":"https:\/\/ceska-stopa.eu\/cs\/wp-json\/wp\/v2\/comments?post=633"}],"version-history":[{"count":4,"href":"https:\/\/ceska-stopa.eu\/cs\/wp-json\/wp\/v2\/posts\/633\/revisions"}],"predecessor-version":[{"id":710,"href":"https:\/\/ceska-stopa.eu\/cs\/wp-json\/wp\/v2\/posts\/633\/revisions\/710"}],"wp:featuredmedia":[{"embeddable":true,"href":"https:\/\/ceska-stopa.eu\/cs\/wp-json\/wp\/v2\/media\/409"}],"wp:attachment":[{"href":"https:\/\/ceska-stopa.eu\/cs\/wp-json\/wp\/v2\/media?parent=633"}],"wp:term":[{"taxonomy":"category","embeddable":true,"href":"https:\/\/ceska-stopa.eu\/cs\/wp-json\/wp\/v2\/categories?post=633"},{"taxonomy":"post_tag","embeddable":true,"href":"https:\/\/ceska-stopa.eu\/cs\/wp-json\/wp\/v2\/tags?post=633"}],"curies":[{"name":"wp","href":"https:\/\/api.w.org\/{rel}","templated":true}]}}