{"id":690,"date":"2025-03-28T22:30:28","date_gmt":"2025-03-28T21:30:28","guid":{"rendered":"https:\/\/ceska-stopa.eu\/cs\/?p=690"},"modified":"2025-08-30T18:53:26","modified_gmt":"2025-08-30T16:53:26","slug":"svejk-a-belorusove","status":"publish","type":"post","link":"https:\/\/ceska-stopa.eu\/cs\/2025\/03\/28\/svejk-a-belorusove\/","title":{"rendered":"\u0160vejk a B\u011blorusov\u00e9 &#8211; DOKON\u010cENO"},"content":{"rendered":"\n<p>Sed\u00edm doma u tepl\u00fdch kamen a p\u0159i\u0161ly mi podklady od m\u00e9ho ov\u011b\u0159en\u00e9ho zdroje, hele volac\u00ed znak \u0160vejk, toho p\u0159eci zn\u00e1m. Skupina B\u011blorus\u016f v ukrajinsk\u00e9 arm\u00e1d\u011b, kter\u00e1 bojuje na Ukrajin\u011b a nemaj\u00ed se kam vr\u00e1tit, v B\u011blorusku by dostali okam\u017eit\u011b trest smrti. B\u011blorusov\u00e9 a cel\u00e1 b\u011blorusk\u00e1 opozice m\u00e1 sv\u00e9 tradi\u010dn\u00ed z\u00e1zem\u00ed v Praze, to nen\u00ed n\u00e1hoda. \u0158ada z nich tu m\u011bla v \u010cR spokojen\u00fd \u017eivot, kdy\u017e ode\u0161li z diktaktury, \u010dasto d\u00e1vno p\u0159ed v\u00e1lkou, tak nev\u00e1hali ani chvilku a \u0161li, \u010dasto \u00fapln\u011b bez vybaven\u00ed, bojovat za Ukrajinu. <\/p>\n\n\n\n<p>Vlastn\u011b prd, v\u011bt\u0161ina \u0161la, hned jak nastala v\u00e1lka, bojovat za demokracii a svobodu. Lekli se v\u00edc ne\u017e my. V\u00ed co dok\u00e1\u017eou dikt\u00e1to\u0159i, v\u00ed co s lidmi d\u011bl\u00e1 diktatura.  Znaj\u00ed demokracii, svobodu a narozd\u00edl od n\u00e1s si svobody velmi v\u00e1\u017e\u00ed. Nav\u00edc to u\u017e pro mne d\u00e1vno nejsou n\u011bjac\u00ed abstraktn\u00ed voj\u00e1ci, ale konkr\u00e9tn\u00ed lid\u00e9.  <\/p>\n\n\n\n<p><strong>Ned\u00e1 se jinak, mus\u00edme jim pomoci<\/strong>, dol\u016f d\u00e1v\u00e1m co o sob\u011b prozradil s\u00e1m \u0160vejk. Jo a <a href=\"https:\/\/www.bysol.org\/en\/private\/beldobr_technika\/\" data-type=\"link\" data-id=\"https:\/\/www.bysol.org\/ru\/private\/beldobr_technika\/\" target=\"_blank\" rel=\"noreferrer noopener\">tady je odkaz na sb\u00edrku<\/a>.<\/p>\n\n\n\n<p>Tentokr\u00e1t V\u00e1s nebudu prosit, ani velebit, kdy\u017e pom\u016f\u017eete. V\u00edte sami co m\u00e1te d\u011blat a jen vy v\u00edte jak to cel\u00e9 c\u00edt\u00edte. To by V\u00e1m m\u011blo b\u00fdt nejv\u011bt\u0161\u00ed odm\u011bnou.<\/p>\n\n\n\n<p>Za   \u010ceskou stopu  Ale\u0161 Pavel<\/p>\n\n\n\n<p><\/p>\n\n\n\n<blockquote class=\"wp-block-quote is-layout-flow wp-block-quote-is-layout-flow\">\n<p>\u201eJmenuji se \u0160vejk, Josef \u0160vejk. Nen\u00ed to m\u00e9 prav\u00e9 jm\u00e9no, ale v\u00e1le\u010dn\u00e1 p\u0159ezd\u00edvka, kterou jsem si vybral. Pro\u010d? Proto\u017ee se mi l\u00edb\u00ed \u0160vejkova dobrota a humor, s\u00a0jak\u00fdm odkr\u00fdv\u00e1 ne\u0159\u00e1dy tohoto sv\u011bta a jeho pokrytectv\u00ed. P\u0159ed v\u00e1lkou jsem \u017eil oby\u010dejn\u00fd \u017eivot v B\u011blorusku. I v\u0161ichni z\u00a0m\u00e9 skupiny. N\u011bkte\u0159\u00ed z n\u00e1s byli in\u017een\u00fd\u0159i, truhl\u00e1\u0159i, pracovn\u00edci konstruk\u010dn\u00ed kancel\u00e1\u0159e, jeden dokonce ichtyolog. M\u00e1me r\u016fzn\u00e9 n\u00e1zory na spoustu v\u011bc\u00ed, ale spojuje n\u00e1s to nejd\u016fle\u017eit\u011bj\u0161\u00ed: l\u00e1ska ke svobod\u011b a ochota riskovat \u017eivot, abychom ji br\u00e1nili.<br>Jsme B\u011blorusov\u00e9. V\u00edme, jakou cenu m\u00e1 svoboda, proto\u017ee doma ji nem\u00e1me. Dnes jsme v\u0161ichni sou\u010d\u00e1st\u00ed sehran\u00e9ho bojov\u00e9ho t\u00fdmu, kter\u00fd p\u016fsob\u00ed nebo p\u016fsobil na t\u011bch nej\u017ehav\u011bj\u0161\u00edch \u00fasec\u00edch fronty: Bachmut, Cherson, \u010casiv Jar, Kupjansk, Orechove, Kli\u0161\u010dijivka, Toreck.<br>Jen m\u00e1lokdy se objevujeme na ve\u0159ejnosti \u2013 v\u0161echen \u010das v\u011bnujeme pr\u00e1ci. Te\u010f se ale na v\u00e1s obrac\u00edme s\u00a0prosbou o podporu, kter\u00e1 m\u016f\u017ee zachr\u00e1nit na\u0161e \u017eivot a pom\u016f\u017ee zadr\u017eet rusk\u00e9 okupanty.<br>Pot\u0159ebujeme spolehliv\u00e9 ter\u00e9nn\u00ed vozidlo, kter\u00e9 by n\u00e1s dopravovalo na linie. Pot\u0159ebujeme \u010dty\u0159kolu a akumul\u00e1tory. Odkaz na na\u0161i <a href=\"https:\/\/www.bysol.org\/en\/private\/beldobr_technika\/\" data-type=\"link\" data-id=\"https:\/\/www.bysol.org\/ru\/private\/beldobr_technika\/\" target=\"_blank\" rel=\"noreferrer noopener\">sb\u00edrku najdete zde<\/a>:<br>D\u011bkuji v\u0161em \u010cech\u016fm za d\u016fv\u011bru. Poslu\u0161n\u011b hl\u00e1s\u00edm, \u017ee st\u00e1le bojujeme, i kdy\u017e jsme v\u0161ichni unaven\u00ed. A v\u00e1m d\u011bkujeme, \u017ee podporujete boj za svobodu.\u201c<\/p>\n<\/blockquote>\n\n\n\n<figure class=\"wp-block-gallery has-nested-images columns-default is-cropped wp-block-gallery-1 is-layout-flex wp-block-gallery-is-layout-flex\">\n<figure class=\"wp-block-image size-large\"><img loading=\"lazy\" decoding=\"async\" width=\"1024\" height=\"683\" data-id=\"696\" src=\"https:\/\/ceska-stopa.eu\/wp-content\/uploads\/2025\/03\/signal-2025-03-28-200651_003-1-1024x683.jpeg\" alt=\"\" class=\"wp-image-696\" srcset=\"https:\/\/ceska-stopa.eu\/wp-content\/uploads\/2025\/03\/signal-2025-03-28-200651_003-1-1024x683.jpeg 1024w, https:\/\/ceska-stopa.eu\/wp-content\/uploads\/2025\/03\/signal-2025-03-28-200651_003-1-300x200.jpeg 300w, https:\/\/ceska-stopa.eu\/wp-content\/uploads\/2025\/03\/signal-2025-03-28-200651_003-1-768x512.jpeg 768w, https:\/\/ceska-stopa.eu\/wp-content\/uploads\/2025\/03\/signal-2025-03-28-200651_003-1-1536x1024.jpeg 1536w, https:\/\/ceska-stopa.eu\/wp-content\/uploads\/2025\/03\/signal-2025-03-28-200651_003-1.jpeg 1600w\" sizes=\"auto, (max-width: 1024px) 100vw, 1024px\" \/><\/figure>\n\n\n\n<figure class=\"wp-block-image size-large\"><img loading=\"lazy\" decoding=\"async\" width=\"1024\" height=\"683\" data-id=\"700\" src=\"https:\/\/ceska-stopa.eu\/wp-content\/uploads\/2025\/03\/signal-2025-03-28-200651_004-1-1024x683.jpeg\" alt=\"\" class=\"wp-image-700\" srcset=\"https:\/\/ceska-stopa.eu\/wp-content\/uploads\/2025\/03\/signal-2025-03-28-200651_004-1-1024x683.jpeg 1024w, https:\/\/ceska-stopa.eu\/wp-content\/uploads\/2025\/03\/signal-2025-03-28-200651_004-1-300x200.jpeg 300w, https:\/\/ceska-stopa.eu\/wp-content\/uploads\/2025\/03\/signal-2025-03-28-200651_004-1-768x512.jpeg 768w, https:\/\/ceska-stopa.eu\/wp-content\/uploads\/2025\/03\/signal-2025-03-28-200651_004-1-1536x1024.jpeg 1536w, https:\/\/ceska-stopa.eu\/wp-content\/uploads\/2025\/03\/signal-2025-03-28-200651_004-1.jpeg 1600w\" sizes=\"auto, (max-width: 1024px) 100vw, 1024px\" \/><\/figure>\n\n\n\n<figure class=\"wp-block-image size-large\"><img loading=\"lazy\" decoding=\"async\" width=\"1024\" height=\"683\" data-id=\"698\" src=\"https:\/\/ceska-stopa.eu\/wp-content\/uploads\/2025\/03\/signal-2025-03-28-200651_005-1-1024x683.jpeg\" alt=\"\" class=\"wp-image-698\" srcset=\"https:\/\/ceska-stopa.eu\/wp-content\/uploads\/2025\/03\/signal-2025-03-28-200651_005-1-1024x683.jpeg 1024w, https:\/\/ceska-stopa.eu\/wp-content\/uploads\/2025\/03\/signal-2025-03-28-200651_005-1-300x200.jpeg 300w, https:\/\/ceska-stopa.eu\/wp-content\/uploads\/2025\/03\/signal-2025-03-28-200651_005-1-768x512.jpeg 768w, https:\/\/ceska-stopa.eu\/wp-content\/uploads\/2025\/03\/signal-2025-03-28-200651_005-1-1536x1024.jpeg 1536w, https:\/\/ceska-stopa.eu\/wp-content\/uploads\/2025\/03\/signal-2025-03-28-200651_005-1.jpeg 1600w\" sizes=\"auto, (max-width: 1024px) 100vw, 1024px\" \/><\/figure>\n\n\n\n<figure class=\"wp-block-image size-large\"><img loading=\"lazy\" decoding=\"async\" width=\"1024\" height=\"683\" data-id=\"697\" src=\"https:\/\/ceska-stopa.eu\/wp-content\/uploads\/2025\/03\/signal-2025-03-28-200651_006-1-1024x683.jpeg\" alt=\"\" class=\"wp-image-697\" srcset=\"https:\/\/ceska-stopa.eu\/wp-content\/uploads\/2025\/03\/signal-2025-03-28-200651_006-1-1024x683.jpeg 1024w, https:\/\/ceska-stopa.eu\/wp-content\/uploads\/2025\/03\/signal-2025-03-28-200651_006-1-300x200.jpeg 300w, https:\/\/ceska-stopa.eu\/wp-content\/uploads\/2025\/03\/signal-2025-03-28-200651_006-1-768x512.jpeg 768w, https:\/\/ceska-stopa.eu\/wp-content\/uploads\/2025\/03\/signal-2025-03-28-200651_006-1-1536x1024.jpeg 1536w, https:\/\/ceska-stopa.eu\/wp-content\/uploads\/2025\/03\/signal-2025-03-28-200651_006-1.jpeg 1600w\" sizes=\"auto, (max-width: 1024px) 100vw, 1024px\" \/><\/figure>\n\n\n\n<figure class=\"wp-block-image size-large\"><img loading=\"lazy\" decoding=\"async\" width=\"1024\" height=\"683\" data-id=\"699\" src=\"https:\/\/ceska-stopa.eu\/wp-content\/uploads\/2025\/03\/signal-2025-03-28-200651_007-1-1024x683.jpeg\" alt=\"\" class=\"wp-image-699\" srcset=\"https:\/\/ceska-stopa.eu\/wp-content\/uploads\/2025\/03\/signal-2025-03-28-200651_007-1-1024x683.jpeg 1024w, https:\/\/ceska-stopa.eu\/wp-content\/uploads\/2025\/03\/signal-2025-03-28-200651_007-1-300x200.jpeg 300w, https:\/\/ceska-stopa.eu\/wp-content\/uploads\/2025\/03\/signal-2025-03-28-200651_007-1-768x512.jpeg 768w, https:\/\/ceska-stopa.eu\/wp-content\/uploads\/2025\/03\/signal-2025-03-28-200651_007-1-1536x1024.jpeg 1536w, https:\/\/ceska-stopa.eu\/wp-content\/uploads\/2025\/03\/signal-2025-03-28-200651_007-1.jpeg 1600w\" sizes=\"auto, (max-width: 1024px) 100vw, 1024px\" \/><\/figure>\n<\/figure>\n","protected":false},"excerpt":{"rendered":"<p>Sed\u00edm doma u tepl\u00fdch kamen a p\u0159i\u0161ly mi podklady od m\u00e9ho ov\u011b\u0159en\u00e9ho zdroje, hele volac\u00ed znak \u0160vejk, toho p\u0159eci zn\u00e1m. Skupina B\u011blorus\u016f v ukrajinsk\u00e9 arm\u00e1d\u011b, kter\u00e1 bojuje na Ukrajin\u011b a nemaj\u00ed se kam vr\u00e1tit, v B\u011blorusku by dostali okam\u017eit\u011b trest smrti. B\u011blorusov\u00e9 a cel\u00e1 b\u011blorusk\u00e1 opozice m\u00e1 sv\u00e9 tradi\u010dn\u00ed z\u00e1zem\u00ed v Praze, to nen\u00ed n\u00e1hoda. &#8230; <a title=\"\u0160vejk a B\u011blorusov\u00e9 &#8211; DOKON\u010cENO\" class=\"read-more\" href=\"https:\/\/ceska-stopa.eu\/cs\/2025\/03\/28\/svejk-a-belorusove\/\" aria-label=\"\u010c\u00edst v\u00edce o \u0160vejk a B\u011blorusov\u00e9 &#8211; DOKON\u010cENO\">\u010c\u00edst d\u00e1l<\/a><\/p>\n","protected":false},"author":1,"featured_media":695,"comment_status":"open","ping_status":"open","sticky":false,"template":"","format":"standard","meta":{"_seopress_robots_primary_cat":"","_seopress_titles_title":"","_seopress_titles_desc":"","_seopress_robots_index":"","ngg_post_thumbnail":0,"_themeisle_gutenberg_block_has_review":false,"footnotes":""},"categories":[8],"tags":[],"class_list":["post-690","post","type-post","status-publish","format-standard","has-post-thumbnail","hentry","category-finished-fundraising"],"_links":{"self":[{"href":"https:\/\/ceska-stopa.eu\/cs\/wp-json\/wp\/v2\/posts\/690","targetHints":{"allow":["GET"]}}],"collection":[{"href":"https:\/\/ceska-stopa.eu\/cs\/wp-json\/wp\/v2\/posts"}],"about":[{"href":"https:\/\/ceska-stopa.eu\/cs\/wp-json\/wp\/v2\/types\/post"}],"author":[{"embeddable":true,"href":"https:\/\/ceska-stopa.eu\/cs\/wp-json\/wp\/v2\/users\/1"}],"replies":[{"embeddable":true,"href":"https:\/\/ceska-stopa.eu\/cs\/wp-json\/wp\/v2\/comments?post=690"}],"version-history":[{"count":4,"href":"https:\/\/ceska-stopa.eu\/cs\/wp-json\/wp\/v2\/posts\/690\/revisions"}],"predecessor-version":[{"id":709,"href":"https:\/\/ceska-stopa.eu\/cs\/wp-json\/wp\/v2\/posts\/690\/revisions\/709"}],"wp:featuredmedia":[{"embeddable":true,"href":"https:\/\/ceska-stopa.eu\/cs\/wp-json\/wp\/v2\/media\/695"}],"wp:attachment":[{"href":"https:\/\/ceska-stopa.eu\/cs\/wp-json\/wp\/v2\/media?parent=690"}],"wp:term":[{"taxonomy":"category","embeddable":true,"href":"https:\/\/ceska-stopa.eu\/cs\/wp-json\/wp\/v2\/categories?post=690"},{"taxonomy":"post_tag","embeddable":true,"href":"https:\/\/ceska-stopa.eu\/cs\/wp-json\/wp\/v2\/tags?post=690"}],"curies":[{"name":"wp","href":"https:\/\/api.w.org\/{rel}","templated":true}]}}